{"id":37281,"date":"2025-09-21T15:47:52","date_gmt":"2025-09-21T15:47:52","guid":{"rendered":"https:\/\/homeit.io\/?p=37281"},"modified":"2025-12-05T16:34:57","modified_gmt":"2025-12-05T16:34:57","slug":"self-check-in-y-cerraduras-inteligentes-como-se-esta-transformando-el-alojamiento-turistico","status":"publish","type":"post","link":"https:\/\/homeit.io\/es\/self-check-in-y-cerraduras-inteligentes-como-se-esta-transformando-el-alojamiento-turistico\/","title":{"rendered":"Self check-in y cerraduras inteligentes: c\u00f3mo se est\u00e1 transformando el alojamiento tur\u00edstico"},"content":{"rendered":"<p>Por primera vez en Portugal y Espa\u00f1a, homeit re\u00fane datos concretos sobre la adopci\u00f3n del self check-in en el alojamiento local. M\u00e1s de 400 gestores, que representan alrededor de 2800 propiedades, compartieron c\u00f3mo trabajan hoy y qu\u00e9 esperan del futuro, en una <a href=\"https:\/\/homeit.io?tripetto=d7b0a94ae223c9463acfe8c6a29db983412d404c54362a492a0aa5ea58803037\">encuesta online<\/a>. El retrato es claro: el self check-in ha dejado de ser una excepci\u00f3n para convertirse en pr\u00e1ctica habitual, con matices interesantes sobre cu\u00e1ndo, c\u00f3mo y por qu\u00e9 se utiliza.<\/p>\n<p>Este estudio muestra no solo cifras, sino tambi\u00e9n tendencias que ayudan a comprender la transformaci\u00f3n de un sector que vive de la hospitalidad, pero que necesita cada vez m\u00e1s eficiencia y flexibilidad.<\/p>\n<h4>El self check-in ya es la norma en Espa\u00f1a y Portugal<\/h4>\n<p>El retrato es inequ\u00edvoco: el self check-in ha dejado de ser una curiosidad tecnol\u00f3gica para convertirse en la norma en el alojamiento local ib\u00e9rico.<br \/>\nDe los 409 gestores que respondieron a la encuesta, <strong>el 76,5% afirma utilizar ya alg\u00fan tipo de check-in aut\u00f3nomo<\/strong>. Entre los restantes, llama la atenci\u00f3n su disposici\u00f3n a cambiar: <strong>m\u00e1s de 9 de cada 10 est\u00e1n considerando adoptarlo a corto plazo<\/strong>.<\/p>\n<p>Este dato se traduce en un mensaje sencillo: la cuesti\u00f3n ya no es <em>si<\/em> se implementar\u00e1 el self check-in, sino <em>cu\u00e1ndo<\/em>.<\/p>\n<p><img fetchpriority=\"high\" decoding=\"async\" class=\"alignnone size-full wp-image-37284\" src=\"https:\/\/homeit.io\/wp-content\/uploads\/2025\/09\/estudio_selfcheck-in.jpg\" alt=\"\" width=\"960\" height=\"540\" srcset=\"https:\/\/homeit.io\/wp-content\/uploads\/2025\/09\/estudio_selfcheck-in.jpg 960w, https:\/\/homeit.io\/wp-content\/uploads\/2025\/09\/estudio_selfcheck-in-300x169.jpg 300w, https:\/\/homeit.io\/wp-content\/uploads\/2025\/09\/estudio_selfcheck-in-768x432.jpg 768w, https:\/\/homeit.io\/wp-content\/uploads\/2025\/09\/estudio_selfcheck-in-600x338.jpg 600w\" sizes=\"(max-width: 960px) 100vw, 960px\" \/><\/p>\n<h4>Para crecer, es inevitable automatizar<\/h4>\n<p>Los datos confirman la tendencia: <strong>cuanto mayor es el n\u00famero de alojamientos gestionados, mayor es la probabilidad de usar self check-in<\/strong>. Entre los gestores con m\u00e1s de 20 unidades, la tasa de adopci\u00f3n supera el 90%. Es un resultado l\u00f3gico: a medida que la operaci\u00f3n crece, la automatizaci\u00f3n deja de ser una opci\u00f3n para convertirse en algo indispensable.<\/p>\n<p>Lo sorprendente es el punto de partida. <strong>Incluso entre quienes gestionan un \u00fanico alojamiento, el 69% ya recurre al check-in aut\u00f3nomo \u2014casi 7 de cada 10.<\/strong> Siguiendo la l\u00f3gica habitual, cabr\u00eda esperar que los peque\u00f1os anfitriones fuesen m\u00e1s \u201ctradicionales\u201d, prefiriendo el contacto presencial. Pero no es as\u00ed. Este dato desaf\u00eda la idea de que la automatizaci\u00f3n ser\u00eda \u00fanicamente una necesidad de los grandes operadores. Lo que vemos es diferente: la conveniencia se ha vuelto tan valiosa que forma parte del d\u00eda a d\u00eda de los anfitriones individuales. Para muchos, el self check-in es menos una cuesti\u00f3n de escala y m\u00e1s una forma de <strong>ahorrar tiempo, reducir fricciones y ofrecer una llegada m\u00e1s fluida a los hu\u00e9spedes<\/strong>.<\/p>\n<p><img decoding=\"async\" class=\"alignnone size-full wp-image-37287\" src=\"https:\/\/homeit.io\/wp-content\/uploads\/2025\/09\/selfcheckin_nr_alojamientos2-.jpg\" alt=\"\" width=\"960\" height=\"540\" srcset=\"https:\/\/homeit.io\/wp-content\/uploads\/2025\/09\/selfcheckin_nr_alojamientos2-.jpg 960w, https:\/\/homeit.io\/wp-content\/uploads\/2025\/09\/selfcheckin_nr_alojamientos2--300x169.jpg 300w, https:\/\/homeit.io\/wp-content\/uploads\/2025\/09\/selfcheckin_nr_alojamientos2--768x432.jpg 768w, https:\/\/homeit.io\/wp-content\/uploads\/2025\/09\/selfcheckin_nr_alojamientos2--600x338.jpg 600w\" sizes=\"(max-width: 960px) 100vw, 960px\" \/><\/p>\n<p>El estudio tambi\u00e9n busc\u00f3 entender <strong>en qu\u00e9 situaciones recurren los gestores al self check-in<\/strong>. Las respuestas son claras: la gran mayor\u00eda ya lo utiliza como <strong>m\u00e9todo principal de llegada<\/strong>.<\/p>\n<ul>\n<li><strong>63%<\/strong> de los encuestados indican que el self check-in es el <strong>m\u00e9todo habitual para todos los hu\u00e9spedes<\/strong>.<\/li>\n<li><strong>21%<\/strong> afirman utilizarlo solo en situaciones espec\u00edficas, como llegadas tard\u00edas, momentos en los que no pueden estar presentes o en determinados alojamientos.<\/li>\n<li>Solo una minor\u00eda residual prefiere mantener el check-in presencial como norma.<\/li>\n<\/ul>\n<p>Este resultado demuestra que el self check-in ha dejado de verse como una soluci\u00f3n \u201cde emergencia\u201d y ha pasado a ser la forma normal de recibir a los hu\u00e9spedes. Aun as\u00ed, se mantiene la flexibilidad: en algunos casos o para ciertos hu\u00e9spedes, el encuentro personal sigue teniendo lugar.<\/p>\n<p>&nbsp;<\/p>\n<p><img decoding=\"async\" class=\"alignnone size-full wp-image-37288\" src=\"https:\/\/homeit.io\/wp-content\/uploads\/2025\/09\/cuando-se-utiliza-el-selfcheckin.jpg\" alt=\"Casi todos utilizan el self check-in como m\u00e9todo principal.\" width=\"960\" height=\"540\" srcset=\"https:\/\/homeit.io\/wp-content\/uploads\/2025\/09\/cuando-se-utiliza-el-selfcheckin.jpg 960w, https:\/\/homeit.io\/wp-content\/uploads\/2025\/09\/cuando-se-utiliza-el-selfcheckin-300x169.jpg 300w, https:\/\/homeit.io\/wp-content\/uploads\/2025\/09\/cuando-se-utiliza-el-selfcheckin-768x432.jpg 768w, https:\/\/homeit.io\/wp-content\/uploads\/2025\/09\/cuando-se-utiliza-el-selfcheckin-600x338.jpg 600w\" sizes=\"(max-width: 960px) 100vw, 960px\" \/><\/p>\n<h4>\u00bfPor qu\u00e9 apuestan los gestores por el self check-in?<\/h4>\n<p>Cuando preguntamos a los gestores cu\u00e1les eran los <strong>principales beneficios del self check-in<\/strong>, las respuestas se concentraron en tres grandes ejes:<\/p>\n<ul>\n<li><strong>Seguridad<\/strong>: los c\u00f3digos \u00fanicos sustituyen las llaves f\u00edsicas, reducen el riesgo de copias y aumentan el control.<\/li>\n<li><strong>Ahorro de tiempo<\/strong>: menos desplazamientos para entregar llaves y m\u00e1s tiempo para tareas de mayor valor a\u00f1adido.<\/li>\n<li><strong>Experiencia del hu\u00e9sped<\/strong>: flexibilidad en la llegada, independencia y privacidad.<\/li>\n<\/ul>\n<p>Otros factores, como la <strong>reducci\u00f3n de costes operativos<\/strong> y la <strong>integraci\u00f3n con PMS\/OTA<\/strong>, tambi\u00e9n fueron mencionados, aunque de manera secundaria. En conjunto, el retrato es consistente: el self check-in no es solo una soluci\u00f3n t\u00e9cnica, sino una <strong>pieza estrat\u00e9gica<\/strong> que mejora la operaci\u00f3n y la satisfacci\u00f3n del cliente al mismo tiempo.<\/p>\n<h4><img loading=\"lazy\" decoding=\"async\" class=\"alignnone size-full wp-image-37286\" src=\"https:\/\/homeit.io\/wp-content\/uploads\/2025\/09\/beneficios_mas_valorados.jpg\" alt=\"El ahorro de tiempo es el m\u00e1s valorado.\" width=\"960\" height=\"540\" srcset=\"https:\/\/homeit.io\/wp-content\/uploads\/2025\/09\/beneficios_mas_valorados.jpg 960w, https:\/\/homeit.io\/wp-content\/uploads\/2025\/09\/beneficios_mas_valorados-300x169.jpg 300w, https:\/\/homeit.io\/wp-content\/uploads\/2025\/09\/beneficios_mas_valorados-768x432.jpg 768w, https:\/\/homeit.io\/wp-content\/uploads\/2025\/09\/beneficios_mas_valorados-600x338.jpg 600w\" sizes=\"(max-width: 960px) 100vw, 960px\" \/><\/h4>\n<h4>Cerraduras inteligentes como herramienta principal<\/h4>\n<p>No todos los self check-ins son iguales. Y desde luego no consiste en dejar una llave debajo del felpudo. Preguntamos a los gestores <strong>cu\u00e1l es el m\u00e9todo principal que utilizan<\/strong> para dar acceso a los hu\u00e9spedes. Entre quienes respondieron:<\/p>\n<ul class=\"self-checkin-tools\">\n<li><strong>62%<\/strong> utilizan <strong>cerraduras inteligentes<\/strong>, que permiten acceso digital mediante c\u00f3digos temporales.<\/li>\n<li><strong>31%<\/strong> siguen dependiendo de cofres de llaves con PIN, donde dejan las llaves f\u00edsicas.<\/li>\n<li>El resto se reparte entre soluciones h\u00edbridas o alternativas marginales.<\/li>\n<\/ul>\n<p>Esta estad\u00edstica muestra que la transformaci\u00f3n digital va mucho m\u00e1s all\u00e1 de \u201cautomatizar\u201d el proceso: tambi\u00e9n est\u00e1 <strong>eliminando la llave f\u00edsica<\/strong>. Las cerraduras inteligentes representan hoy la mayor\u00eda clara y se consolidan como la soluci\u00f3n de referencia para quienes buscan seguridad, eficiencia e integraci\u00f3n con PMS.<\/p>\n<h4><img loading=\"lazy\" decoding=\"async\" class=\"alignnone size-full wp-image-37289\" src=\"https:\/\/homeit.io\/wp-content\/uploads\/2025\/09\/herramienta-principal.jpg\" alt=\"\" width=\"960\" height=\"540\" srcset=\"https:\/\/homeit.io\/wp-content\/uploads\/2025\/09\/herramienta-principal.jpg 960w, https:\/\/homeit.io\/wp-content\/uploads\/2025\/09\/herramienta-principal-300x169.jpg 300w, https:\/\/homeit.io\/wp-content\/uploads\/2025\/09\/herramienta-principal-768x432.jpg 768w, https:\/\/homeit.io\/wp-content\/uploads\/2025\/09\/herramienta-principal-600x338.jpg 600w\" sizes=\"(max-width: 960px) 100vw, 960px\" \/><\/h4>\n<h4>El self check-in ya no es tendencia. Es el est\u00e1ndar.<\/h4>\n<p>La encuesta se centr\u00f3 despu\u00e9s en los beneficios, limitaciones y el nivel de implantaci\u00f3n del self check-in en la Pen\u00ednsula Ib\u00e9rica. Estas son algunas conclusiones.<\/p>\n<p><strong>Beneficios decisivos<\/strong><\/p>\n<ul>\n<li><strong>Seguridad<\/strong>: para el <strong>76%<\/strong> de los gestores es <em>muy importante<\/em> disponer de cerraduras digitales que usan c\u00f3digos \u00fanicos, sin recurrir a llaves f\u00edsicas.<\/li>\n<li><strong>Automatizaci\u00f3n<\/strong>: m\u00e1s de <strong>9 de cada 10 gestores<\/strong> la consideran cr\u00edtica, y el <strong>56%<\/strong> la describe como <em>esencial<\/em>.<\/li>\n<\/ul>\n<p><strong>Limitaciones reales, pero superables<\/strong><\/p>\n<ul>\n<li>Los <strong>problemas t\u00e9cnicos (34%)<\/strong> aparecen como la barrera m\u00e1s mencionada, seguidos del <strong>coste elevado (16%)<\/strong>, de la <strong>comunicaci\u00f3n con los hu\u00e9spedes (14%)<\/strong> y de la <strong>tecnolog\u00eda confusa (13%)<\/strong>.<\/li>\n<li>El mensaje es claro: la tecnolog\u00eda debe simplificar, no complicar.<\/li>\n<\/ul>\n<p><strong>El futuro est\u00e1 marcado<\/strong><\/p>\n<ul>\n<li>Para el <strong>59%<\/strong>, el self check-in ser\u00e1 <em>esencial y est\u00e1ndar<\/em> en el sector.<\/li>\n<li>Otro <strong>33%<\/strong> cree que ser\u00e1 <em>cada vez m\u00e1s demandado por los hu\u00e9spedes<\/em>.<\/li>\n<li>Solo una minor\u00eda residual lo ve como algo de nicho (<strong>5%<\/strong>) o mantiene preferencia por el presencial (<strong>3%<\/strong>).<\/li>\n<\/ul>\n<p><img loading=\"lazy\" decoding=\"async\" class=\"alignnone size-full wp-image-37290\" src=\"https:\/\/homeit.io\/wp-content\/uploads\/2025\/09\/futuro-es-self-checkin.jpg\" alt=\"\" width=\"960\" height=\"540\" srcset=\"https:\/\/homeit.io\/wp-content\/uploads\/2025\/09\/futuro-es-self-checkin.jpg 960w, https:\/\/homeit.io\/wp-content\/uploads\/2025\/09\/futuro-es-self-checkin-300x169.jpg 300w, https:\/\/homeit.io\/wp-content\/uploads\/2025\/09\/futuro-es-self-checkin-768x432.jpg 768w, https:\/\/homeit.io\/wp-content\/uploads\/2025\/09\/futuro-es-self-checkin-600x338.jpg 600w\" sizes=\"(max-width: 960px) 100vw, 960px\" \/><\/p>\n<p>Internamente, en Homeit, siempre nos hemos preguntado cu\u00e1l ser\u00eda el futuro del check-in. Hace diez a\u00f1os, cuando el alojamiento local era a\u00fan una industria emergente, no estaba claro si el check-in presencial resistir\u00eda o acabar\u00eda siendo sustituido por alternativas. No siempre un sector elige el camino m\u00e1s eficiente \u2014basta pensar en el self-service en los restaurantes, que nunca lleg\u00f3 a convertirse en norma, en gran parte porque se sigue valorando enormemente el servicio en mesa.<\/p>\n<p>Hoy, una d\u00e9cada despu\u00e9s, los datos hablan por s\u00ed solos. Este estudio dibuja un escenario inequ\u00edvoco: <strong>el self check-in ha dejado de ser solo una soluci\u00f3n pr\u00e1ctica para convertirse en una parte central de la hospitalidad moderna.<\/strong><\/p>\n","protected":false},"excerpt":{"rendered":"<p>Por primera vez en Portugal y Espa\u00f1a, homeit re\u00fane datos concretos sobre la adopci\u00f3n del self check-in en el alojamiento local. M\u00e1s de 400 gestores, que representan alrededor de 2800 propiedades, compartieron c\u00f3mo trabajan hoy y qu\u00e9 esperan del futuro, en una encuesta online. El retrato es claro: el self check-in ha dejado de ser [&hellip;]<\/p>\n","protected":false},"author":8,"featured_media":36215,"comment_status":"open","ping_status":"open","sticky":false,"template":"","format":"standard","meta":{"footnotes":""},"categories":[260],"tags":[],"class_list":["post-37281","post","type-post","status-publish","format-standard","has-post-thumbnail","hentry","category-alquiler-vacacional"],"yoast_head":"<!-- This site is optimized with the Yoast SEO plugin v27.4 - https:\/\/yoast.com\/product\/yoast-seo-wordpress\/ -->\n<title>Self check-in y cerraduras inteligentes: c\u00f3mo se est\u00e1 transformando el alojamiento tur\u00edstico - Homeit<\/title>\n<meta name=\"robots\" content=\"index, follow, max-snippet:-1, max-image-preview:large, max-video-preview:-1\" \/>\n<link rel=\"canonical\" href=\"https:\/\/homeit.io\/es\/self-check-in-y-cerraduras-inteligentes-como-se-esta-transformando-el-alojamiento-turistico\/\" \/>\n<meta property=\"og:locale\" content=\"es_ES\" \/>\n<meta property=\"og:type\" content=\"article\" \/>\n<meta property=\"og:title\" content=\"Self check-in y cerraduras inteligentes: c\u00f3mo se est\u00e1 transformando el alojamiento tur\u00edstico - Homeit\" \/>\n<meta property=\"og:description\" content=\"Por primera vez en Portugal y Espa\u00f1a, homeit re\u00fane datos concretos sobre la adopci\u00f3n del self check-in en el alojamiento local. M\u00e1s de 400 gestores, que representan alrededor de 2800 propiedades, compartieron c\u00f3mo trabajan hoy y qu\u00e9 esperan del futuro, en una encuesta online. El retrato es claro: el self check-in ha dejado de ser [&hellip;]\" \/>\n<meta property=\"og:url\" content=\"https:\/\/homeit.io\/es\/self-check-in-y-cerraduras-inteligentes-como-se-esta-transformando-el-alojamiento-turistico\/\" \/>\n<meta property=\"og:site_name\" content=\"Homeit\" \/>\n<meta property=\"article:publisher\" content=\"https:\/\/www.facebook.com\/homeit.kit\" \/>\n<meta property=\"article:published_time\" content=\"2025-09-21T15:47:52+00:00\" \/>\n<meta property=\"article:modified_time\" content=\"2025-12-05T16:34:57+00:00\" \/>\n<meta property=\"og:image\" content=\"https:\/\/homeit.io\/wp-content\/uploads\/2025\/09\/estudo-self-check-in.jpg\" \/>\n\t<meta property=\"og:image:width\" content=\"1080\" \/>\n\t<meta property=\"og:image:height\" content=\"799\" \/>\n\t<meta property=\"og:image:type\" content=\"image\/jpeg\" \/>\n<meta name=\"author\" content=\"bferreira\" \/>\n<meta name=\"twitter:card\" content=\"summary_large_image\" \/>\n<meta name=\"twitter:label1\" content=\"Escrito por\" \/>\n\t<meta name=\"twitter:data1\" content=\"bferreira\" \/>\n\t<meta name=\"twitter:label2\" content=\"Tiempo de lectura\" \/>\n\t<meta name=\"twitter:data2\" content=\"8 minutos\" \/>\n<script type=\"application\/ld+json\" class=\"yoast-schema-graph\">{\"@context\":\"https:\\\/\\\/schema.org\",\"@graph\":[{\"@type\":\"Article\",\"@id\":\"https:\\\/\\\/homeit.io\\\/es\\\/self-check-in-y-cerraduras-inteligentes-como-se-esta-transformando-el-alojamiento-turistico\\\/#article\",\"isPartOf\":{\"@id\":\"https:\\\/\\\/homeit.io\\\/es\\\/self-check-in-y-cerraduras-inteligentes-como-se-esta-transformando-el-alojamiento-turistico\\\/\"},\"author\":{\"name\":\"bferreira\",\"@id\":\"https:\\\/\\\/homeit.io\\\/es\\\/#\\\/schema\\\/person\\\/39178e3dd1088dca4d722e77ea15b418\"},\"headline\":\"Self check-in y cerraduras inteligentes: c\u00f3mo se est\u00e1 transformando el alojamiento tur\u00edstico\",\"datePublished\":\"2025-09-21T15:47:52+00:00\",\"dateModified\":\"2025-12-05T16:34:57+00:00\",\"mainEntityOfPage\":{\"@id\":\"https:\\\/\\\/homeit.io\\\/es\\\/self-check-in-y-cerraduras-inteligentes-como-se-esta-transformando-el-alojamiento-turistico\\\/\"},\"wordCount\":1142,\"commentCount\":0,\"publisher\":{\"@id\":\"https:\\\/\\\/homeit.io\\\/es\\\/#organization\"},\"image\":{\"@id\":\"https:\\\/\\\/homeit.io\\\/es\\\/self-check-in-y-cerraduras-inteligentes-como-se-esta-transformando-el-alojamiento-turistico\\\/#primaryimage\"},\"thumbnailUrl\":\"https:\\\/\\\/homeit.io\\\/wp-content\\\/uploads\\\/2025\\\/09\\\/estudo-self-check-in.jpg\",\"articleSection\":[\"Alquiler Vacacional\"],\"inLanguage\":\"es\",\"potentialAction\":[{\"@type\":\"CommentAction\",\"name\":\"Comment\",\"target\":[\"https:\\\/\\\/homeit.io\\\/es\\\/self-check-in-y-cerraduras-inteligentes-como-se-esta-transformando-el-alojamiento-turistico\\\/#respond\"]}]},{\"@type\":\"WebPage\",\"@id\":\"https:\\\/\\\/homeit.io\\\/es\\\/self-check-in-y-cerraduras-inteligentes-como-se-esta-transformando-el-alojamiento-turistico\\\/\",\"url\":\"https:\\\/\\\/homeit.io\\\/es\\\/self-check-in-y-cerraduras-inteligentes-como-se-esta-transformando-el-alojamiento-turistico\\\/\",\"name\":\"Self check-in y cerraduras inteligentes: c\u00f3mo se est\u00e1 transformando el alojamiento tur\u00edstico - Homeit\",\"isPartOf\":{\"@id\":\"https:\\\/\\\/homeit.io\\\/es\\\/#website\"},\"primaryImageOfPage\":{\"@id\":\"https:\\\/\\\/homeit.io\\\/es\\\/self-check-in-y-cerraduras-inteligentes-como-se-esta-transformando-el-alojamiento-turistico\\\/#primaryimage\"},\"image\":{\"@id\":\"https:\\\/\\\/homeit.io\\\/es\\\/self-check-in-y-cerraduras-inteligentes-como-se-esta-transformando-el-alojamiento-turistico\\\/#primaryimage\"},\"thumbnailUrl\":\"https:\\\/\\\/homeit.io\\\/wp-content\\\/uploads\\\/2025\\\/09\\\/estudo-self-check-in.jpg\",\"datePublished\":\"2025-09-21T15:47:52+00:00\",\"dateModified\":\"2025-12-05T16:34:57+00:00\",\"breadcrumb\":{\"@id\":\"https:\\\/\\\/homeit.io\\\/es\\\/self-check-in-y-cerraduras-inteligentes-como-se-esta-transformando-el-alojamiento-turistico\\\/#breadcrumb\"},\"inLanguage\":\"es\",\"potentialAction\":[{\"@type\":\"ReadAction\",\"target\":[\"https:\\\/\\\/homeit.io\\\/es\\\/self-check-in-y-cerraduras-inteligentes-como-se-esta-transformando-el-alojamiento-turistico\\\/\"]}]},{\"@type\":\"ImageObject\",\"inLanguage\":\"es\",\"@id\":\"https:\\\/\\\/homeit.io\\\/es\\\/self-check-in-y-cerraduras-inteligentes-como-se-esta-transformando-el-alojamiento-turistico\\\/#primaryimage\",\"url\":\"https:\\\/\\\/homeit.io\\\/wp-content\\\/uploads\\\/2025\\\/09\\\/estudo-self-check-in.jpg\",\"contentUrl\":\"https:\\\/\\\/homeit.io\\\/wp-content\\\/uploads\\\/2025\\\/09\\\/estudo-self-check-in.jpg\",\"width\":1080,\"height\":799},{\"@type\":\"BreadcrumbList\",\"@id\":\"https:\\\/\\\/homeit.io\\\/es\\\/self-check-in-y-cerraduras-inteligentes-como-se-esta-transformando-el-alojamiento-turistico\\\/#breadcrumb\",\"itemListElement\":[{\"@type\":\"ListItem\",\"position\":1,\"name\":\"In\u00edcio\",\"item\":\"https:\\\/\\\/homeit.io\\\/es\\\/\"},{\"@type\":\"ListItem\",\"position\":2,\"name\":\"Self check-in y cerraduras inteligentes: c\u00f3mo se est\u00e1 transformando el alojamiento tur\u00edstico\"}]},{\"@type\":\"WebSite\",\"@id\":\"https:\\\/\\\/homeit.io\\\/es\\\/#website\",\"url\":\"https:\\\/\\\/homeit.io\\\/es\\\/\",\"name\":\"Homeit\",\"description\":\"Acessos Inteligentes\",\"publisher\":{\"@id\":\"https:\\\/\\\/homeit.io\\\/es\\\/#organization\"},\"potentialAction\":[{\"@type\":\"SearchAction\",\"target\":{\"@type\":\"EntryPoint\",\"urlTemplate\":\"https:\\\/\\\/homeit.io\\\/es\\\/?s={search_term_string}\"},\"query-input\":{\"@type\":\"PropertyValueSpecification\",\"valueRequired\":true,\"valueName\":\"search_term_string\"}}],\"inLanguage\":\"es\"},{\"@type\":\"Organization\",\"@id\":\"https:\\\/\\\/homeit.io\\\/es\\\/#organization\",\"name\":\"Homeit\",\"url\":\"https:\\\/\\\/homeit.io\\\/es\\\/\",\"logo\":{\"@type\":\"ImageObject\",\"inLanguage\":\"es\",\"@id\":\"https:\\\/\\\/homeit.io\\\/es\\\/#\\\/schema\\\/logo\\\/image\\\/\",\"url\":\"https:\\\/\\\/homeit.io\\\/wp-content\\\/uploads\\\/2022\\\/06\\\/homeit_PrimaryLogo.svg\",\"contentUrl\":\"https:\\\/\\\/homeit.io\\\/wp-content\\\/uploads\\\/2022\\\/06\\\/homeit_PrimaryLogo.svg\",\"caption\":\"Homeit\"},\"image\":{\"@id\":\"https:\\\/\\\/homeit.io\\\/es\\\/#\\\/schema\\\/logo\\\/image\\\/\"},\"sameAs\":[\"https:\\\/\\\/www.facebook.com\\\/homeit.kit\",\"https:\\\/\\\/www.instagram.com\\\/homeit.io\\\/\",\"https:\\\/\\\/www.linkedin.com\\\/company\\\/homeit\\\/\"]},{\"@type\":\"Person\",\"@id\":\"https:\\\/\\\/homeit.io\\\/es\\\/#\\\/schema\\\/person\\\/39178e3dd1088dca4d722e77ea15b418\",\"name\":\"bferreira\",\"image\":{\"@type\":\"ImageObject\",\"inLanguage\":\"es\",\"@id\":\"https:\\\/\\\/secure.gravatar.com\\\/avatar\\\/27b9873897300bf50dbb1edb171fa0ed015b8eed76eeb77cfb1ee05f04ad820f?s=96&d=mm&r=g\",\"url\":\"https:\\\/\\\/secure.gravatar.com\\\/avatar\\\/27b9873897300bf50dbb1edb171fa0ed015b8eed76eeb77cfb1ee05f04ad820f?s=96&d=mm&r=g\",\"contentUrl\":\"https:\\\/\\\/secure.gravatar.com\\\/avatar\\\/27b9873897300bf50dbb1edb171fa0ed015b8eed76eeb77cfb1ee05f04ad820f?s=96&d=mm&r=g\",\"caption\":\"bferreira\"}}]}<\/script>\n<!-- \/ Yoast SEO plugin. -->","yoast_head_json":{"title":"Self check-in y cerraduras inteligentes: c\u00f3mo se est\u00e1 transformando el alojamiento tur\u00edstico - Homeit","robots":{"index":"index","follow":"follow","max-snippet":"max-snippet:-1","max-image-preview":"max-image-preview:large","max-video-preview":"max-video-preview:-1"},"canonical":"https:\/\/homeit.io\/es\/self-check-in-y-cerraduras-inteligentes-como-se-esta-transformando-el-alojamiento-turistico\/","og_locale":"es_ES","og_type":"article","og_title":"Self check-in y cerraduras inteligentes: c\u00f3mo se est\u00e1 transformando el alojamiento tur\u00edstico - Homeit","og_description":"Por primera vez en Portugal y Espa\u00f1a, homeit re\u00fane datos concretos sobre la adopci\u00f3n del self check-in en el alojamiento local. M\u00e1s de 400 gestores, que representan alrededor de 2800 propiedades, compartieron c\u00f3mo trabajan hoy y qu\u00e9 esperan del futuro, en una encuesta online. El retrato es claro: el self check-in ha dejado de ser [&hellip;]","og_url":"https:\/\/homeit.io\/es\/self-check-in-y-cerraduras-inteligentes-como-se-esta-transformando-el-alojamiento-turistico\/","og_site_name":"Homeit","article_publisher":"https:\/\/www.facebook.com\/homeit.kit","article_published_time":"2025-09-21T15:47:52+00:00","article_modified_time":"2025-12-05T16:34:57+00:00","og_image":[{"width":1080,"height":799,"url":"https:\/\/homeit.io\/wp-content\/uploads\/2025\/09\/estudo-self-check-in.jpg","type":"image\/jpeg"}],"author":"bferreira","twitter_card":"summary_large_image","twitter_misc":{"Escrito por":"bferreira","Tiempo de lectura":"8 minutos"},"schema":{"@context":"https:\/\/schema.org","@graph":[{"@type":"Article","@id":"https:\/\/homeit.io\/es\/self-check-in-y-cerraduras-inteligentes-como-se-esta-transformando-el-alojamiento-turistico\/#article","isPartOf":{"@id":"https:\/\/homeit.io\/es\/self-check-in-y-cerraduras-inteligentes-como-se-esta-transformando-el-alojamiento-turistico\/"},"author":{"name":"bferreira","@id":"https:\/\/homeit.io\/es\/#\/schema\/person\/39178e3dd1088dca4d722e77ea15b418"},"headline":"Self check-in y cerraduras inteligentes: c\u00f3mo se est\u00e1 transformando el alojamiento tur\u00edstico","datePublished":"2025-09-21T15:47:52+00:00","dateModified":"2025-12-05T16:34:57+00:00","mainEntityOfPage":{"@id":"https:\/\/homeit.io\/es\/self-check-in-y-cerraduras-inteligentes-como-se-esta-transformando-el-alojamiento-turistico\/"},"wordCount":1142,"commentCount":0,"publisher":{"@id":"https:\/\/homeit.io\/es\/#organization"},"image":{"@id":"https:\/\/homeit.io\/es\/self-check-in-y-cerraduras-inteligentes-como-se-esta-transformando-el-alojamiento-turistico\/#primaryimage"},"thumbnailUrl":"https:\/\/homeit.io\/wp-content\/uploads\/2025\/09\/estudo-self-check-in.jpg","articleSection":["Alquiler Vacacional"],"inLanguage":"es","potentialAction":[{"@type":"CommentAction","name":"Comment","target":["https:\/\/homeit.io\/es\/self-check-in-y-cerraduras-inteligentes-como-se-esta-transformando-el-alojamiento-turistico\/#respond"]}]},{"@type":"WebPage","@id":"https:\/\/homeit.io\/es\/self-check-in-y-cerraduras-inteligentes-como-se-esta-transformando-el-alojamiento-turistico\/","url":"https:\/\/homeit.io\/es\/self-check-in-y-cerraduras-inteligentes-como-se-esta-transformando-el-alojamiento-turistico\/","name":"Self check-in y cerraduras inteligentes: c\u00f3mo se est\u00e1 transformando el alojamiento tur\u00edstico - Homeit","isPartOf":{"@id":"https:\/\/homeit.io\/es\/#website"},"primaryImageOfPage":{"@id":"https:\/\/homeit.io\/es\/self-check-in-y-cerraduras-inteligentes-como-se-esta-transformando-el-alojamiento-turistico\/#primaryimage"},"image":{"@id":"https:\/\/homeit.io\/es\/self-check-in-y-cerraduras-inteligentes-como-se-esta-transformando-el-alojamiento-turistico\/#primaryimage"},"thumbnailUrl":"https:\/\/homeit.io\/wp-content\/uploads\/2025\/09\/estudo-self-check-in.jpg","datePublished":"2025-09-21T15:47:52+00:00","dateModified":"2025-12-05T16:34:57+00:00","breadcrumb":{"@id":"https:\/\/homeit.io\/es\/self-check-in-y-cerraduras-inteligentes-como-se-esta-transformando-el-alojamiento-turistico\/#breadcrumb"},"inLanguage":"es","potentialAction":[{"@type":"ReadAction","target":["https:\/\/homeit.io\/es\/self-check-in-y-cerraduras-inteligentes-como-se-esta-transformando-el-alojamiento-turistico\/"]}]},{"@type":"ImageObject","inLanguage":"es","@id":"https:\/\/homeit.io\/es\/self-check-in-y-cerraduras-inteligentes-como-se-esta-transformando-el-alojamiento-turistico\/#primaryimage","url":"https:\/\/homeit.io\/wp-content\/uploads\/2025\/09\/estudo-self-check-in.jpg","contentUrl":"https:\/\/homeit.io\/wp-content\/uploads\/2025\/09\/estudo-self-check-in.jpg","width":1080,"height":799},{"@type":"BreadcrumbList","@id":"https:\/\/homeit.io\/es\/self-check-in-y-cerraduras-inteligentes-como-se-esta-transformando-el-alojamiento-turistico\/#breadcrumb","itemListElement":[{"@type":"ListItem","position":1,"name":"In\u00edcio","item":"https:\/\/homeit.io\/es\/"},{"@type":"ListItem","position":2,"name":"Self check-in y cerraduras inteligentes: c\u00f3mo se est\u00e1 transformando el alojamiento tur\u00edstico"}]},{"@type":"WebSite","@id":"https:\/\/homeit.io\/es\/#website","url":"https:\/\/homeit.io\/es\/","name":"Homeit","description":"Acessos Inteligentes","publisher":{"@id":"https:\/\/homeit.io\/es\/#organization"},"potentialAction":[{"@type":"SearchAction","target":{"@type":"EntryPoint","urlTemplate":"https:\/\/homeit.io\/es\/?s={search_term_string}"},"query-input":{"@type":"PropertyValueSpecification","valueRequired":true,"valueName":"search_term_string"}}],"inLanguage":"es"},{"@type":"Organization","@id":"https:\/\/homeit.io\/es\/#organization","name":"Homeit","url":"https:\/\/homeit.io\/es\/","logo":{"@type":"ImageObject","inLanguage":"es","@id":"https:\/\/homeit.io\/es\/#\/schema\/logo\/image\/","url":"https:\/\/homeit.io\/wp-content\/uploads\/2022\/06\/homeit_PrimaryLogo.svg","contentUrl":"https:\/\/homeit.io\/wp-content\/uploads\/2022\/06\/homeit_PrimaryLogo.svg","caption":"Homeit"},"image":{"@id":"https:\/\/homeit.io\/es\/#\/schema\/logo\/image\/"},"sameAs":["https:\/\/www.facebook.com\/homeit.kit","https:\/\/www.instagram.com\/homeit.io\/","https:\/\/www.linkedin.com\/company\/homeit\/"]},{"@type":"Person","@id":"https:\/\/homeit.io\/es\/#\/schema\/person\/39178e3dd1088dca4d722e77ea15b418","name":"bferreira","image":{"@type":"ImageObject","inLanguage":"es","@id":"https:\/\/secure.gravatar.com\/avatar\/27b9873897300bf50dbb1edb171fa0ed015b8eed76eeb77cfb1ee05f04ad820f?s=96&d=mm&r=g","url":"https:\/\/secure.gravatar.com\/avatar\/27b9873897300bf50dbb1edb171fa0ed015b8eed76eeb77cfb1ee05f04ad820f?s=96&d=mm&r=g","contentUrl":"https:\/\/secure.gravatar.com\/avatar\/27b9873897300bf50dbb1edb171fa0ed015b8eed76eeb77cfb1ee05f04ad820f?s=96&d=mm&r=g","caption":"bferreira"}}]}},"_links":{"self":[{"href":"https:\/\/homeit.io\/es\/wp-json\/wp\/v2\/posts\/37281","targetHints":{"allow":["GET"]}}],"collection":[{"href":"https:\/\/homeit.io\/es\/wp-json\/wp\/v2\/posts"}],"about":[{"href":"https:\/\/homeit.io\/es\/wp-json\/wp\/v2\/types\/post"}],"author":[{"embeddable":true,"href":"https:\/\/homeit.io\/es\/wp-json\/wp\/v2\/users\/8"}],"replies":[{"embeddable":true,"href":"https:\/\/homeit.io\/es\/wp-json\/wp\/v2\/comments?post=37281"}],"version-history":[{"count":0,"href":"https:\/\/homeit.io\/es\/wp-json\/wp\/v2\/posts\/37281\/revisions"}],"wp:featuredmedia":[{"embeddable":true,"href":"https:\/\/homeit.io\/es\/wp-json\/wp\/v2\/media\/36215"}],"wp:attachment":[{"href":"https:\/\/homeit.io\/es\/wp-json\/wp\/v2\/media?parent=37281"}],"wp:term":[{"taxonomy":"category","embeddable":true,"href":"https:\/\/homeit.io\/es\/wp-json\/wp\/v2\/categories?post=37281"},{"taxonomy":"post_tag","embeddable":true,"href":"https:\/\/homeit.io\/es\/wp-json\/wp\/v2\/tags?post=37281"}],"curies":[{"name":"wp","href":"https:\/\/api.w.org\/{rel}","templated":true}]}}